{"id":1428,"date":"2020-03-17T12:50:54","date_gmt":"2020-03-17T12:50:54","guid":{"rendered":"http:\/\/feuerwehr-erwitte.de\/?p=1428"},"modified":"2024-01-08T16:34:40","modified_gmt":"2024-01-08T15:34:40","slug":"beschraenkung-auf-einsatzdienst","status":"publish","type":"post","link":"https:\/\/www.feuerwehr-erwitte.de\/index.php\/2020\/03\/17\/beschraenkung-auf-einsatzdienst\/","title":{"rendered":"Beschr\u00e4nkung auf Einsatzdienst!!"},"content":{"rendered":"\n<p>Die Ausbreitung des Corona-Virus nimmt weiter zu. Um die Einsatzbereitschaft der Feuerwehren im Kreis Soest sicherzustellen, haben Verantwortliche der Kreisverwaltung und die Leiter der 14 Feuerwehren im Kreis Soest mit dem Kreisbrandmeister Thomas Wienecke angeregt, Veranstaltungen abzusagen beziehungsweise zu verschieben.<br>Daher wird  der Dienstbetrieb, bis auf EINSATZDIENST, ab sofort eingeschr\u00e4nkt. Zur  Einschr\u00e4nkung z\u00e4hlen insbesondere die Dienstabende, Sitzungen und  Besprechungen sowie die Veranstaltungen zur Brandschutzerziehung und der  Aus- und Fortbildung.<br>In Folge dessen wird der Dienstbetrieb der Jugendfeuerwehren ebenfalls eingestellt. Es finden keine Dienstabende und Veranstaltungen mehr statt. <br>Diese Ma\u00dfnahme ist notwendig, um die Ausbreitung zu verhindern und die Einsatzbereitschaft der Feuerwehr im Kreis Soest auch in den n\u00e4chsten Wochen sicherzustellen.<br>Eine  Berichterstattung wird weiterhin \u00fcber Social Media stattfinden. Ebenso  eine Meldung \u00fcber die uneingeschr\u00e4nkte Wiederaufnahme des Dienstbetriebes. (DB)<\/p>\n\n\n\n<p>Wir sind f\u00fcr EUCH da!<br><br>Quelle: Feuerwehr &#8211; Kreis Soest vom 13.03.2020<\/p>\n","protected":false},"excerpt":{"rendered":"<p>Die Ausbreitung des Corona-Virus nimmt weiter zu. Um die Einsatzbereitschaft der Feuerwehren im Kreis Soest sicherzustellen, haben Verantwortliche der Kreisverwaltung und die Leiter der 14 Feuerwehren im Kreis Soest mit dem Kreisbrandmeister Thomas Wienecke angeregt, Veranstaltungen abzusagen beziehungsweise zu verschieben.Daher wird der Dienstbetrieb, bis auf EINSATZDIENST, ab sofort eingeschr\u00e4nkt. Zur Einschr\u00e4nkung z\u00e4hlen insbesondere die Dienstabende, [&hellip;]<\/p>\n","protected":false},"author":8,"featured_media":0,"comment_status":"closed","ping_status":"closed","sticky":false,"template":"","format":"standard","meta":{"ocean_post_layout":"","ocean_both_sidebars_style":"","ocean_both_sidebars_content_width":0,"ocean_both_sidebars_sidebars_width":0,"ocean_sidebar":"","ocean_second_sidebar":"","ocean_disable_margins":"enable","ocean_add_body_class":"","ocean_shortcode_before_top_bar":"","ocean_shortcode_after_top_bar":"","ocean_shortcode_before_header":"","ocean_shortcode_after_header":"","ocean_has_shortcode":"","ocean_shortcode_after_title":"","ocean_shortcode_before_footer_widgets":"","ocean_shortcode_after_footer_widgets":"","ocean_shortcode_before_footer_bottom":"","ocean_shortcode_after_footer_bottom":"","ocean_display_top_bar":"default","ocean_display_header":"default","ocean_header_style":"","ocean_center_header_left_menu":"","ocean_custom_header_template":"","ocean_custom_logo":0,"ocean_custom_retina_logo":0,"ocean_custom_logo_max_width":0,"ocean_custom_logo_tablet_max_width":0,"ocean_custom_logo_mobile_max_width":0,"ocean_custom_logo_max_height":0,"ocean_custom_logo_tablet_max_height":0,"ocean_custom_logo_mobile_max_height":0,"ocean_header_custom_menu":"","ocean_menu_typo_font_family":"","ocean_menu_typo_font_subset":"","ocean_menu_typo_font_size":0,"ocean_menu_typo_font_size_tablet":0,"ocean_menu_typo_font_size_mobile":0,"ocean_menu_typo_font_size_unit":"px","ocean_menu_typo_font_weight":"","ocean_menu_typo_font_weight_tablet":"","ocean_menu_typo_font_weight_mobile":"","ocean_menu_typo_transform":"","ocean_menu_typo_transform_tablet":"","ocean_menu_typo_transform_mobile":"","ocean_menu_typo_line_height":0,"ocean_menu_typo_line_height_tablet":0,"ocean_menu_typo_line_height_mobile":0,"ocean_menu_typo_line_height_unit":"","ocean_menu_typo_spacing":0,"ocean_menu_typo_spacing_tablet":0,"ocean_menu_typo_spacing_mobile":0,"ocean_menu_typo_spacing_unit":"","ocean_menu_link_color":"","ocean_menu_link_color_hover":"","ocean_menu_link_color_active":"","ocean_menu_link_background":"","ocean_menu_link_hover_background":"","ocean_menu_link_active_background":"","ocean_menu_social_links_bg":"","ocean_menu_social_hover_links_bg":"","ocean_menu_social_links_color":"","ocean_menu_social_hover_links_color":"","ocean_disable_title":"default","ocean_disable_heading":"default","ocean_post_title":"","ocean_post_subheading":"","ocean_post_title_style":"","ocean_post_title_background_color":"","ocean_post_title_background":0,"ocean_post_title_bg_image_position":"","ocean_post_title_bg_image_attachment":"","ocean_post_title_bg_image_repeat":"","ocean_post_title_bg_image_size":"","ocean_post_title_height":0,"ocean_post_title_bg_overlay":0.5,"ocean_post_title_bg_overlay_color":"","ocean_disable_breadcrumbs":"default","ocean_breadcrumbs_color":"","ocean_breadcrumbs_separator_color":"","ocean_breadcrumbs_links_color":"","ocean_breadcrumbs_links_hover_color":"","ocean_display_footer_widgets":"default","ocean_display_footer_bottom":"default","ocean_custom_footer_template":"","ocean_post_oembed":"","ocean_post_self_hosted_media":"","ocean_post_video_embed":"","ocean_link_format":"","ocean_link_format_target":"self","ocean_quote_format":"","ocean_quote_format_link":"post","ocean_gallery_link_images":"on","ocean_gallery_id":[],"footnotes":""},"categories":[21,13,11,14,15,10,12,9,8,1],"tags":[],"class_list":["post-1428","post","type-post","status-publish","format-standard","hentry","category-kein-einsatzbeitrag","category-loeschgruppe-boeckum-norddorf","category-loeschgruppe-horn-millinghausen","category-loeschgruppe-schallern","category-loeschgruppe-schmerlecke","category-loeschgruppe-stirpe","category-loeschgruppe-voellinghausen","category-loeschzug-bad-westernkotten","category-loeschzug-erwitte","category-uncategorized","entry"],"_links":{"self":[{"href":"https:\/\/www.feuerwehr-erwitte.de\/index.php\/wp-json\/wp\/v2\/posts\/1428","targetHints":{"allow":["GET"]}}],"collection":[{"href":"https:\/\/www.feuerwehr-erwitte.de\/index.php\/wp-json\/wp\/v2\/posts"}],"about":[{"href":"https:\/\/www.feuerwehr-erwitte.de\/index.php\/wp-json\/wp\/v2\/types\/post"}],"author":[{"embeddable":true,"href":"https:\/\/www.feuerwehr-erwitte.de\/index.php\/wp-json\/wp\/v2\/users\/8"}],"replies":[{"embeddable":true,"href":"https:\/\/www.feuerwehr-erwitte.de\/index.php\/wp-json\/wp\/v2\/comments?post=1428"}],"version-history":[{"count":1,"href":"https:\/\/www.feuerwehr-erwitte.de\/index.php\/wp-json\/wp\/v2\/posts\/1428\/revisions"}],"predecessor-version":[{"id":1429,"href":"https:\/\/www.feuerwehr-erwitte.de\/index.php\/wp-json\/wp\/v2\/posts\/1428\/revisions\/1429"}],"wp:attachment":[{"href":"https:\/\/www.feuerwehr-erwitte.de\/index.php\/wp-json\/wp\/v2\/media?parent=1428"}],"wp:term":[{"taxonomy":"category","embeddable":true,"href":"https:\/\/www.feuerwehr-erwitte.de\/index.php\/wp-json\/wp\/v2\/categories?post=1428"},{"taxonomy":"post_tag","embeddable":true,"href":"https:\/\/www.feuerwehr-erwitte.de\/index.php\/wp-json\/wp\/v2\/tags?post=1428"}],"curies":[{"name":"wp","href":"https:\/\/api.w.org\/{rel}","templated":true}]}}