{"id":3865,"date":"2022-05-19T12:34:00","date_gmt":"2022-05-19T10:34:00","guid":{"rendered":"https:\/\/www.feuerwehr-erwitte.de\/?p=3865"},"modified":"2024-01-08T13:31:03","modified_gmt":"2024-01-08T12:31:03","slug":"ausbildung-psu-helfer","status":"publish","type":"post","link":"https:\/\/www.feuerwehr-erwitte.de\/index.php\/2022\/05\/19\/ausbildung-psu-helfer\/","title":{"rendered":"Ausbildung PSU-Helfer"},"content":{"rendered":"\n<p>\u201eDie psychologische und psychosoziale Betreuung von Einsatzkr\u00e4ften nach besonders belastenden Eins\u00e4tzen ist f\u00fcr alle Beteiligten wichtig. Um ein m\u00f6glich gro\u00dfes Angebot f\u00fcr die Betroffen anbieten zu k\u00f6nnen, ist auch die Ausbildung von Helfern ein wichtiger Bestandteil f\u00fcr eine erfolgreiche Arbeit\u201c, fasste Sebastian Winkelnkemper vom PSU-Team der Feuerwehr Hamm zusammen. Winkelnkemper war gleichzeitig auch Lehrgangsleiter der PSU Helferausbildung der Arbeitsgemeinschaft des Kreises Soest, des Kreises Coesfeld, der Stadt Hamm und des Kreises Unna (ArGe Schu), die am Samstagnachmittag an der Feuer- und Rettungswache 2 am Hohefeldweg in Hamm endete. Gemeinsam mit Heike G\u00f6smann vom PSU Team des Kreises Soest aus Lippstadt, Andre Lewald vom PSU Team Hamm und Regionalpfarrer Ingo Janzen vom PSU Team des Kreises Unna schulte Winkelnkemper zehn Feuerwehrangeh\u00f6rige an zwei Wochenende zu PSU Helfern.<br>Im Lehrgang wurden unter anderem Themen wie Kommunikation, Stress- und Belastungssituationen und Verhalten von betroffenen Einsatzkr\u00e4ften dargestellt und mit praktischen \u00dcbungen erg\u00e4nzt. Dar\u00fcber hinaus sprachen die Teilenehmer auch \u00fcber den Umgang mit Tod und Trauer. \u201eDie Lehrgangsteilnehmer waren sehr interessiert und haben sich im Verlauf des Lehrgangs sehr eingebracht und sind eine gute Erg\u00e4nzung f\u00fcr unsere Team vor Ort\u201c, fasste G\u00f6smann zusammen. Die PSU Helfer sollen vor Ort die jeweiligen PSU Teams unterst\u00fctzen und sollen ein erste psychosoziales Angebot, vorrangig f\u00fcr Angeh\u00f6rige der eigenen Einheit, bieten. Sie sollen aber auch belastende Merkmale bei Einsatzkr\u00e4ften erkennen und erste Schritte bei der anschlie\u00dfenden Betreuung nach Gespr\u00e4chen mit den Betroffenen einleiten. Ferner sollen sie die PSU-Assistenten der PSU Teams bei der Arbeit im Rahmen des Arbeitsschutzes unterst\u00fctzen.<br>Text: Friedrich Kulke<br>Foto: Kristin Kulke<br><a href=\"https:\/\/www.facebook.com\/FeuerwehrKreisSoest\/?fref=mentions&amp;__xts__%5B0%5D=68.ARDjpsNqgQ88ZqHOA5mMn2Ty6jolowmmHpw8oCFoR4DkHpnai1I5pZHzlzVrYPuJ3bOG_LxHaPlQ5hjeo9I4yfIf-dBUx_jnCtatQbSmpwXmSvA3Ljc41olde_lsyWghlnC4dqvp5JayiS_w1stOktxWgQATOTAeR6CL6ZjbGqMlKaYutODS_5X3jI1h2OcFIUcHzgRoLnB7tedr2AFIWSkc0z3ZDq-RwewAF8KhXpswAG5JWbqHMUwKdL5BKomOhkurnd-Qef6WK_uXIB2kPRkPxFo0iPnjKA7Y7ZGUPhXzyOlrr-4&amp;__tn__=K-R\">Feuerwehr &#8211; Kreis Soest<\/a><\/p>\n\n\n\n<figure class=\"wp-block-image size-full\"><img fetchpriority=\"high\" decoding=\"async\" width=\"2048\" height=\"2048\" src=\"https:\/\/www.feuerwehr-erwitte.de\/wp-content\/uploads\/2022\/08\/Ausbildung_PSU_Helfer.jpg\" alt=\"\" class=\"wp-image-3866\" srcset=\"https:\/\/www.feuerwehr-erwitte.de\/wp-content\/uploads\/2022\/08\/Ausbildung_PSU_Helfer.jpg 2048w, https:\/\/www.feuerwehr-erwitte.de\/wp-content\/uploads\/2022\/08\/Ausbildung_PSU_Helfer-150x150.jpg 150w, https:\/\/www.feuerwehr-erwitte.de\/wp-content\/uploads\/2022\/08\/Ausbildung_PSU_Helfer-300x300.jpg 300w, https:\/\/www.feuerwehr-erwitte.de\/wp-content\/uploads\/2022\/08\/Ausbildung_PSU_Helfer-100x100.jpg 100w, https:\/\/www.feuerwehr-erwitte.de\/wp-content\/uploads\/2022\/08\/Ausbildung_PSU_Helfer-768x768.jpg 768w, https:\/\/www.feuerwehr-erwitte.de\/wp-content\/uploads\/2022\/08\/Ausbildung_PSU_Helfer-1536x1536.jpg 1536w\" sizes=\"(max-width: 2048px) 100vw, 2048px\" \/><\/figure>\n","protected":false},"excerpt":{"rendered":"<p>\u201eDie psychologische und psychosoziale Betreuung von Einsatzkr\u00e4ften nach besonders belastenden Eins\u00e4tzen ist f\u00fcr alle Beteiligten wichtig. Um ein m\u00f6glich gro\u00dfes Angebot f\u00fcr die Betroffen anbieten zu k\u00f6nnen, ist auch die Ausbildung von Helfern ein wichtiger Bestandteil f\u00fcr eine erfolgreiche Arbeit\u201c, fasste Sebastian Winkelnkemper vom PSU-Team der Feuerwehr Hamm zusammen. Winkelnkemper war gleichzeitig auch Lehrgangsleiter der [&hellip;]<\/p>\n","protected":false},"author":8,"featured_media":0,"comment_status":"closed","ping_status":"closed","sticky":false,"template":"","format":"standard","meta":{"ocean_post_layout":"","ocean_both_sidebars_style":"","ocean_both_sidebars_content_width":0,"ocean_both_sidebars_sidebars_width":0,"ocean_sidebar":"0","ocean_second_sidebar":"0","ocean_disable_margins":"enable","ocean_add_body_class":"","ocean_shortcode_before_top_bar":"","ocean_shortcode_after_top_bar":"","ocean_shortcode_before_header":"","ocean_shortcode_after_header":"","ocean_has_shortcode":"","ocean_shortcode_after_title":"","ocean_shortcode_before_footer_widgets":"","ocean_shortcode_after_footer_widgets":"","ocean_shortcode_before_footer_bottom":"","ocean_shortcode_after_footer_bottom":"","ocean_display_top_bar":"default","ocean_display_header":"default","ocean_header_style":"","ocean_center_header_left_menu":"0","ocean_custom_header_template":"0","ocean_custom_logo":0,"ocean_custom_retina_logo":0,"ocean_custom_logo_max_width":0,"ocean_custom_logo_tablet_max_width":0,"ocean_custom_logo_mobile_max_width":0,"ocean_custom_logo_max_height":0,"ocean_custom_logo_tablet_max_height":0,"ocean_custom_logo_mobile_max_height":0,"ocean_header_custom_menu":"0","ocean_menu_typo_font_family":"0","ocean_menu_typo_font_subset":"","ocean_menu_typo_font_size":0,"ocean_menu_typo_font_size_tablet":0,"ocean_menu_typo_font_size_mobile":0,"ocean_menu_typo_font_size_unit":"px","ocean_menu_typo_font_weight":"","ocean_menu_typo_font_weight_tablet":"","ocean_menu_typo_font_weight_mobile":"","ocean_menu_typo_transform":"","ocean_menu_typo_transform_tablet":"","ocean_menu_typo_transform_mobile":"","ocean_menu_typo_line_height":0,"ocean_menu_typo_line_height_tablet":0,"ocean_menu_typo_line_height_mobile":0,"ocean_menu_typo_line_height_unit":"","ocean_menu_typo_spacing":0,"ocean_menu_typo_spacing_tablet":0,"ocean_menu_typo_spacing_mobile":0,"ocean_menu_typo_spacing_unit":"","ocean_menu_link_color":"","ocean_menu_link_color_hover":"","ocean_menu_link_color_active":"","ocean_menu_link_background":"","ocean_menu_link_hover_background":"","ocean_menu_link_active_background":"","ocean_menu_social_links_bg":"","ocean_menu_social_hover_links_bg":"","ocean_menu_social_links_color":"","ocean_menu_social_hover_links_color":"","ocean_disable_title":"default","ocean_disable_heading":"default","ocean_post_title":"","ocean_post_subheading":"","ocean_post_title_style":"","ocean_post_title_background_color":"","ocean_post_title_background":0,"ocean_post_title_bg_image_position":"","ocean_post_title_bg_image_attachment":"","ocean_post_title_bg_image_repeat":"","ocean_post_title_bg_image_size":"","ocean_post_title_height":0,"ocean_post_title_bg_overlay":0.5,"ocean_post_title_bg_overlay_color":"","ocean_disable_breadcrumbs":"default","ocean_breadcrumbs_color":"","ocean_breadcrumbs_separator_color":"","ocean_breadcrumbs_links_color":"","ocean_breadcrumbs_links_hover_color":"","ocean_display_footer_widgets":"default","ocean_display_footer_bottom":"default","ocean_custom_footer_template":"0","ocean_post_oembed":"","ocean_post_self_hosted_media":"","ocean_post_video_embed":"","ocean_link_format":"","ocean_link_format_target":"self","ocean_quote_format":"","ocean_quote_format_link":"post","ocean_gallery_link_images":"off","ocean_gallery_id":[],"footnotes":""},"categories":[21,11,8],"tags":[],"class_list":["post-3865","post","type-post","status-publish","format-standard","hentry","category-kein-einsatzbeitrag","category-loeschgruppe-horn-millinghausen","category-loeschzug-erwitte","entry"],"_links":{"self":[{"href":"https:\/\/www.feuerwehr-erwitte.de\/index.php\/wp-json\/wp\/v2\/posts\/3865","targetHints":{"allow":["GET"]}}],"collection":[{"href":"https:\/\/www.feuerwehr-erwitte.de\/index.php\/wp-json\/wp\/v2\/posts"}],"about":[{"href":"https:\/\/www.feuerwehr-erwitte.de\/index.php\/wp-json\/wp\/v2\/types\/post"}],"author":[{"embeddable":true,"href":"https:\/\/www.feuerwehr-erwitte.de\/index.php\/wp-json\/wp\/v2\/users\/8"}],"replies":[{"embeddable":true,"href":"https:\/\/www.feuerwehr-erwitte.de\/index.php\/wp-json\/wp\/v2\/comments?post=3865"}],"version-history":[{"count":1,"href":"https:\/\/www.feuerwehr-erwitte.de\/index.php\/wp-json\/wp\/v2\/posts\/3865\/revisions"}],"predecessor-version":[{"id":3867,"href":"https:\/\/www.feuerwehr-erwitte.de\/index.php\/wp-json\/wp\/v2\/posts\/3865\/revisions\/3867"}],"wp:attachment":[{"href":"https:\/\/www.feuerwehr-erwitte.de\/index.php\/wp-json\/wp\/v2\/media?parent=3865"}],"wp:term":[{"taxonomy":"category","embeddable":true,"href":"https:\/\/www.feuerwehr-erwitte.de\/index.php\/wp-json\/wp\/v2\/categories?post=3865"},{"taxonomy":"post_tag","embeddable":true,"href":"https:\/\/www.feuerwehr-erwitte.de\/index.php\/wp-json\/wp\/v2\/tags?post=3865"}],"curies":[{"name":"wp","href":"https:\/\/api.w.org\/{rel}","templated":true}]}}