{"id":3979,"date":"2022-07-14T15:30:00","date_gmt":"2022-07-14T13:30:00","guid":{"rendered":"https:\/\/www.feuerwehr-erwitte.de\/?p=3979"},"modified":"2024-01-08T13:22:52","modified_gmt":"2024-01-08T12:22:52","slug":"hohe-flaechen-und-waldbrandgefahr","status":"publish","type":"post","link":"https:\/\/www.feuerwehr-erwitte.de\/index.php\/2022\/07\/14\/hohe-flaechen-und-waldbrandgefahr\/","title":{"rendered":"Hohe Fl\u00e4chen- und Waldbrandgefahr"},"content":{"rendered":"\n<p><img decoding=\"async\" height=\"16\" width=\"16\" src=\"https:\/\/static.xx.fbcdn.net\/images\/emoji.php\/v9\/t50\/1\/16\/2757.png\" alt=\"\u2757\"> Die Fl\u00e4chen- und Waldbrandgefahr ist im Moment gro\u00df. Die Feuerwehren bei uns im Kreis Soest mussten in den vergangenen Tagen schon zu mehreren Fl\u00e4chenbr\u00e4nden ausr\u00fccken.<\/p>\n\n\n\n<p>Kreisbrandmeister Thomas Wienecke appelliert deshalb, besonders umsichtig zu sein! Folgende Regeln sollten unbedingt beachtet werden:<\/p>\n\n\n\n<p><img decoding=\"async\" height=\"16\" width=\"16\" src=\"https:\/\/static.xx.fbcdn.net\/images\/emoji.php\/v9\/t51\/1\/16\/1f449.png\" alt=\"\ud83d\udc49\"> Im Wald ist offenes Feuer verboten. Das gilt auch f\u00fcr Grillfeuer.<br><img decoding=\"async\" height=\"16\" width=\"16\" src=\"https:\/\/static.xx.fbcdn.net\/images\/emoji.php\/v9\/t51\/1\/16\/1f449.png\" alt=\"\ud83d\udc49\"> Rauchen ist im Wald vom 1. M\u00e4rz bis 31. Oktober nicht gestattet.<br><img decoding=\"async\" height=\"16\" width=\"16\" src=\"https:\/\/static.xx.fbcdn.net\/images\/emoji.php\/v9\/t51\/1\/16\/1f449.png\" alt=\"\ud83d\udc49\"> Keine Flaschen wegwerfen! Flaschen oder Scherben aus Mineralglas k\u00f6nnen wie eine Lupe wirken. So kann durch den Brennglaseffekt ein Feuer entstehen.<br><img decoding=\"async\" height=\"16\" width=\"16\" src=\"https:\/\/static.xx.fbcdn.net\/images\/emoji.php\/v9\/t51\/1\/16\/1f449.png\" alt=\"\ud83d\udc49\"> Keine brennenden Gegenst\u00e4nde oder Zigarettenkippen aus dem Fahrzeug werfen. So kann schnell ein Vegetations- oder Waldbrand entstehen.<br><img decoding=\"async\" height=\"16\" width=\"16\" src=\"https:\/\/static.xx.fbcdn.net\/images\/emoji.php\/v9\/t51\/1\/16\/1f449.png\" alt=\"\ud83d\udc49\"> Benutzen Sie nur ausgewiesene Parkpl\u00e4tze beim Ausflug in die Natur. Trockene Grasfl\u00e4chen unter Fahrzeugen k\u00f6nnen sich durch hei\u00dfe Katalysatoren und Auspuffrohre entz\u00fcnden.<br><img decoding=\"async\" height=\"16\" width=\"16\" src=\"https:\/\/static.xx.fbcdn.net\/images\/emoji.php\/v9\/t51\/1\/16\/1f449.png\" alt=\"\ud83d\udc49\"> Zufahrtswege in die W\u00e4lder f\u00fcr die Feuerwehr freihalten.<\/p>\n\n\n\n<p><img decoding=\"async\" height=\"16\" width=\"16\" src=\"https:\/\/static.xx.fbcdn.net\/images\/emoji.php\/v9\/t50\/1\/16\/1f525.png\" alt=\"\ud83d\udd25\"> Sollte es doch brennen, z\u00e4hlt jede Sekunde! Kreisbrandmeister Wienecke bittet: \u201eMelden Sie Br\u00e4nde oder Rauchentwicklung sofort \u00fcber den Feuerwehr-Notruf 112. Dabei kommt es auch auf eine m\u00f6glichst pr\u00e4zise Ortsbeschreibung an, um die Feuerwehr gezielt zum Einsatzort zu f\u00fchren.&#8220;<\/p>\n\n\n\n<p>Quelle: <a href=\"https:\/\/www.facebook.com\/KreisSoest\/?__cft__[0]=AZWepE0awiV2Myw7clF_N5k_bBD71kYwvTfwy2Yz43IlJg8qdIw-yQ9f-RNBq8XaYcSXcAU_JWZHFIdjgAv2--MOj5SkGZAI4B-3FCHQlFITgckeIDmWVt2n-wROdlPsfwOgU2LzJmjh1xoK9ZH4DNF6E9X9Np5HIXC5Es---LtlzV1STvNx3ZjfL2sAYBzHfKvjamRKk1b1BfaVBhPifNkHvGR6EfUjSngT-6IQz-OYthrpJ8-HKvbvmmRxi9zasA4&amp;__tn__=-UC%2CP-y-R\"><strong>Kreis Soest<\/strong><\/a><\/p>\n","protected":false},"excerpt":{"rendered":"<p>Die Fl\u00e4chen- und Waldbrandgefahr ist im Moment gro\u00df. Die Feuerwehren bei uns im Kreis Soest mussten in den vergangenen Tagen schon zu mehreren Fl\u00e4chenbr\u00e4nden ausr\u00fccken. Kreisbrandmeister Thomas Wienecke appelliert deshalb, besonders umsichtig zu sein! Folgende Regeln sollten unbedingt beachtet werden: Im Wald ist offenes Feuer verboten. Das gilt auch f\u00fcr Grillfeuer. Rauchen ist im Wald [&hellip;]<\/p>\n","protected":false},"author":8,"featured_media":0,"comment_status":"closed","ping_status":"closed","sticky":false,"template":"","format":"standard","meta":{"ocean_post_layout":"","ocean_both_sidebars_style":"","ocean_both_sidebars_content_width":0,"ocean_both_sidebars_sidebars_width":0,"ocean_sidebar":"0","ocean_second_sidebar":"0","ocean_disable_margins":"enable","ocean_add_body_class":"","ocean_shortcode_before_top_bar":"","ocean_shortcode_after_top_bar":"","ocean_shortcode_before_header":"","ocean_shortcode_after_header":"","ocean_has_shortcode":"","ocean_shortcode_after_title":"","ocean_shortcode_before_footer_widgets":"","ocean_shortcode_after_footer_widgets":"","ocean_shortcode_before_footer_bottom":"","ocean_shortcode_after_footer_bottom":"","ocean_display_top_bar":"default","ocean_display_header":"default","ocean_header_style":"","ocean_center_header_left_menu":"0","ocean_custom_header_template":"0","ocean_custom_logo":0,"ocean_custom_retina_logo":0,"ocean_custom_logo_max_width":0,"ocean_custom_logo_tablet_max_width":0,"ocean_custom_logo_mobile_max_width":0,"ocean_custom_logo_max_height":0,"ocean_custom_logo_tablet_max_height":0,"ocean_custom_logo_mobile_max_height":0,"ocean_header_custom_menu":"0","ocean_menu_typo_font_family":"0","ocean_menu_typo_font_subset":"","ocean_menu_typo_font_size":0,"ocean_menu_typo_font_size_tablet":0,"ocean_menu_typo_font_size_mobile":0,"ocean_menu_typo_font_size_unit":"px","ocean_menu_typo_font_weight":"","ocean_menu_typo_font_weight_tablet":"","ocean_menu_typo_font_weight_mobile":"","ocean_menu_typo_transform":"","ocean_menu_typo_transform_tablet":"","ocean_menu_typo_transform_mobile":"","ocean_menu_typo_line_height":0,"ocean_menu_typo_line_height_tablet":0,"ocean_menu_typo_line_height_mobile":0,"ocean_menu_typo_line_height_unit":"","ocean_menu_typo_spacing":0,"ocean_menu_typo_spacing_tablet":0,"ocean_menu_typo_spacing_mobile":0,"ocean_menu_typo_spacing_unit":"","ocean_menu_link_color":"","ocean_menu_link_color_hover":"","ocean_menu_link_color_active":"","ocean_menu_link_background":"","ocean_menu_link_hover_background":"","ocean_menu_link_active_background":"","ocean_menu_social_links_bg":"","ocean_menu_social_hover_links_bg":"","ocean_menu_social_links_color":"","ocean_menu_social_hover_links_color":"","ocean_disable_title":"default","ocean_disable_heading":"default","ocean_post_title":"","ocean_post_subheading":"","ocean_post_title_style":"","ocean_post_title_background_color":"","ocean_post_title_background":0,"ocean_post_title_bg_image_position":"","ocean_post_title_bg_image_attachment":"","ocean_post_title_bg_image_repeat":"","ocean_post_title_bg_image_size":"","ocean_post_title_height":0,"ocean_post_title_bg_overlay":0.5,"ocean_post_title_bg_overlay_color":"","ocean_disable_breadcrumbs":"default","ocean_breadcrumbs_color":"","ocean_breadcrumbs_separator_color":"","ocean_breadcrumbs_links_color":"","ocean_breadcrumbs_links_hover_color":"","ocean_display_footer_widgets":"default","ocean_display_footer_bottom":"default","ocean_custom_footer_template":"0","ocean_post_oembed":"","ocean_post_self_hosted_media":"","ocean_post_video_embed":"","ocean_link_format":"","ocean_link_format_target":"self","ocean_quote_format":"","ocean_quote_format_link":"post","ocean_gallery_link_images":"off","ocean_gallery_id":[],"footnotes":""},"categories":[21,13,11,14,15,10,12,9,8],"tags":[],"class_list":["post-3979","post","type-post","status-publish","format-standard","hentry","category-kein-einsatzbeitrag","category-loeschgruppe-boeckum-norddorf","category-loeschgruppe-horn-millinghausen","category-loeschgruppe-schallern","category-loeschgruppe-schmerlecke","category-loeschgruppe-stirpe","category-loeschgruppe-voellinghausen","category-loeschzug-bad-westernkotten","category-loeschzug-erwitte","entry"],"_links":{"self":[{"href":"https:\/\/www.feuerwehr-erwitte.de\/index.php\/wp-json\/wp\/v2\/posts\/3979","targetHints":{"allow":["GET"]}}],"collection":[{"href":"https:\/\/www.feuerwehr-erwitte.de\/index.php\/wp-json\/wp\/v2\/posts"}],"about":[{"href":"https:\/\/www.feuerwehr-erwitte.de\/index.php\/wp-json\/wp\/v2\/types\/post"}],"author":[{"embeddable":true,"href":"https:\/\/www.feuerwehr-erwitte.de\/index.php\/wp-json\/wp\/v2\/users\/8"}],"replies":[{"embeddable":true,"href":"https:\/\/www.feuerwehr-erwitte.de\/index.php\/wp-json\/wp\/v2\/comments?post=3979"}],"version-history":[{"count":1,"href":"https:\/\/www.feuerwehr-erwitte.de\/index.php\/wp-json\/wp\/v2\/posts\/3979\/revisions"}],"predecessor-version":[{"id":3980,"href":"https:\/\/www.feuerwehr-erwitte.de\/index.php\/wp-json\/wp\/v2\/posts\/3979\/revisions\/3980"}],"wp:attachment":[{"href":"https:\/\/www.feuerwehr-erwitte.de\/index.php\/wp-json\/wp\/v2\/media?parent=3979"}],"wp:term":[{"taxonomy":"category","embeddable":true,"href":"https:\/\/www.feuerwehr-erwitte.de\/index.php\/wp-json\/wp\/v2\/categories?post=3979"},{"taxonomy":"post_tag","embeddable":true,"href":"https:\/\/www.feuerwehr-erwitte.de\/index.php\/wp-json\/wp\/v2\/tags?post=3979"}],"curies":[{"name":"wp","href":"https:\/\/api.w.org\/{rel}","templated":true}]}}