{"id":6173,"date":"2026-01-12T10:13:24","date_gmt":"2026-01-12T09:13:24","guid":{"rendered":"https:\/\/www.feuerwehr-erwitte.de\/?p=6173"},"modified":"2026-03-04T10:17:44","modified_gmt":"2026-03-04T09:17:44","slug":"generalversammlung-loeschzug-horn-millinghausen","status":"publish","type":"post","link":"https:\/\/www.feuerwehr-erwitte.de\/index.php\/2026\/01\/12\/generalversammlung-loeschzug-horn-millinghausen\/","title":{"rendered":"Generalversammlung &#8211; L\u00f6schzug Horn &#8211; Millinghausen"},"content":{"rendered":"\n<p>Am vergangenen Samstag den 10.01.2026 fand im Horner Treff die diesj\u00e4hrige Generalversammlung des L\u00f6schzuges Horn &#8211; Millinghausen statt.<\/p>\n\n\n\n<p>Ein gelungener Abend mit tollen Auszeichnungen und wichtigen Entscheidungen.<\/p>\n\n\n\n<p><img decoding=\"async\" height=\"16\" width=\"16\" alt=\"\ud83d\udccb\" src=\"https:\/\/static.xx.fbcdn.net\/images\/emoji.php\/v9\/t2b\/1\/16\/1f4cb.png\"> Mit nachfolgenden Punkten hat sich der L\u00f6schzug Horn &#8211; Millinghausen befasst:<\/p>\n\n\n\n<p>* R\u00fcckblick auf das vergangene Jahr mit einem ausf\u00fchrlichen Protokoll von unserem Schriftf\u00fchrer Ralf Johanterwage<\/p>\n\n\n\n<p>* Kassenbericht mit einer detaillierten Auflistung f\u00fcr die Einnahmen und Ausgaben<\/p>\n\n\n\n<p>* Jahresbericht 2025 mit den nachfolgenden Zahlen und Fakten.<\/p>\n\n\n\n<p><img decoding=\"async\" height=\"16\" width=\"16\" alt=\"\ud83d\udcca\" src=\"https:\/\/static.xx.fbcdn.net\/images\/emoji.php\/v9\/taa\/1\/16\/1f4ca.png\"> In 2025 ist der L\u00f6schzug insgesamt 42 Eins\u00e4tze gefahren mit 1.059 Einsatzstunden sowie 23 \u00dcbungsdiensten mit 969 \u00dcbungstunden.<\/p>\n\n\n\n<p><img decoding=\"async\" height=\"16\" width=\"16\" alt=\"\ud83c\udfc5\" src=\"https:\/\/static.xx.fbcdn.net\/images\/emoji.php\/v9\/t3d\/1\/16\/1f3c5.png\">Ehrungen &amp; Bef\u00f6rderungen:<\/p>\n\n\n\n<p>Es wurden Bef\u00f6rderungen in verschiedene Dienstgeraden sowie Anerkennungen f\u00fcr Engagement und Weiterentwicklung ausgesprochen. Des Weiteren wurde Abzeichen f\u00fcr verschiedener Teilnahmen an den Leistungsnachweisen verliehen.<\/p>\n\n\n\n<p>Wir gratulieren allen Geehrten ganz herzlich!<\/p>\n\n\n\n<p><img loading=\"lazy\" decoding=\"async\" height=\"16\" width=\"16\" alt=\"\ud83d\ude92\" src=\"https:\/\/static.xx.fbcdn.net\/images\/emoji.php\/v9\/t67\/1\/16\/1f692.png\"> Wechsel in der L\u00f6schzugf\u00fchrung und im Schriftf\u00fchrerposten:<\/p>\n\n\n\n<p>* Nach 25 Jahren ausgiebiger Vorstandsarbeit als Schriftf\u00fchrer hat Ralf Johanterwage seinen Posten an Kira Kolkmann \u00fcbergeben. Vielen Dank Ralf f\u00fcr deinen tolle langj\u00e4hrige Arbeit, und viel Erfolg Kira in deiner neuen T\u00e4tigkeit.<\/p>\n\n\n\n<p>* Dominic Kirchhoff und Ralf Kleegraf haben nach sechs Jahren die Aufgaben als L\u00f6schzugf\u00fchrer und stellv. L\u00f6schzugf\u00fchrer an die Nachfolgerinnen Anika Kirchhoff und Elena Dransmann \u00fcbergeben. Vielen Dank auch hier an Dominic und Ralf f\u00fcr die tolle Arbeit und viel Erfolg an Anika und Elena in der F\u00fchrung.<\/p>\n\n\n\n<p>Ein Jahr mit vielen Herausforderungen aber auch vielen tollen, lehrreichen Ereignissen. Wir bedanken uns bei allen Kammeraden und Kameradinnen f\u00fcr Ihren unerm\u00fcdlichen Einsatz. <img loading=\"lazy\" decoding=\"async\" height=\"16\" width=\"16\" alt=\"\ud83d\udc4d\" src=\"https:\/\/static.xx.fbcdn.net\/images\/emoji.php\/v9\/tfc\/1\/16\/1f44d.png\"><img loading=\"lazy\" decoding=\"async\" height=\"16\" width=\"16\" alt=\"\ud83d\udd25\" src=\"https:\/\/static.xx.fbcdn.net\/images\/emoji.php\/v9\/t50\/1\/16\/1f525.png\"><\/p>\n\n\n\n<figure class=\"wp-block-gallery has-nested-images columns-default is-cropped wp-block-gallery-1 is-layout-flex wp-block-gallery-is-layout-flex\">\n<figure class=\"wp-block-image size-full\"><img loading=\"lazy\" decoding=\"async\" width=\"2048\" height=\"2048\" data-id=\"6174\" src=\"https:\/\/www.feuerwehr-erwitte.de\/wp-content\/uploads\/2026\/03\/614472955_1177955784547986_5095503830718206304_n.jpg\" alt=\"\" class=\"wp-image-6174\" srcset=\"https:\/\/www.feuerwehr-erwitte.de\/wp-content\/uploads\/2026\/03\/614472955_1177955784547986_5095503830718206304_n.jpg 2048w, https:\/\/www.feuerwehr-erwitte.de\/wp-content\/uploads\/2026\/03\/614472955_1177955784547986_5095503830718206304_n-150x150.jpg 150w, https:\/\/www.feuerwehr-erwitte.de\/wp-content\/uploads\/2026\/03\/614472955_1177955784547986_5095503830718206304_n-300x300.jpg 300w, https:\/\/www.feuerwehr-erwitte.de\/wp-content\/uploads\/2026\/03\/614472955_1177955784547986_5095503830718206304_n-100x100.jpg 100w, https:\/\/www.feuerwehr-erwitte.de\/wp-content\/uploads\/2026\/03\/614472955_1177955784547986_5095503830718206304_n-768x768.jpg 768w, https:\/\/www.feuerwehr-erwitte.de\/wp-content\/uploads\/2026\/03\/614472955_1177955784547986_5095503830718206304_n-1536x1536.jpg 1536w, https:\/\/www.feuerwehr-erwitte.de\/wp-content\/uploads\/2026\/03\/614472955_1177955784547986_5095503830718206304_n-600x600.jpg 600w\" sizes=\"(max-width: 2048px) 100vw, 2048px\" \/><\/figure>\n\n\n\n<figure class=\"wp-block-image size-full\"><img loading=\"lazy\" decoding=\"async\" width=\"2048\" height=\"2048\" data-id=\"6176\" src=\"https:\/\/www.feuerwehr-erwitte.de\/wp-content\/uploads\/2026\/03\/615412502_1177955831214648_3376044042567090335_n.jpg\" alt=\"\" class=\"wp-image-6176\" srcset=\"https:\/\/www.feuerwehr-erwitte.de\/wp-content\/uploads\/2026\/03\/615412502_1177955831214648_3376044042567090335_n.jpg 2048w, https:\/\/www.feuerwehr-erwitte.de\/wp-content\/uploads\/2026\/03\/615412502_1177955831214648_3376044042567090335_n-150x150.jpg 150w, https:\/\/www.feuerwehr-erwitte.de\/wp-content\/uploads\/2026\/03\/615412502_1177955831214648_3376044042567090335_n-300x300.jpg 300w, https:\/\/www.feuerwehr-erwitte.de\/wp-content\/uploads\/2026\/03\/615412502_1177955831214648_3376044042567090335_n-100x100.jpg 100w, https:\/\/www.feuerwehr-erwitte.de\/wp-content\/uploads\/2026\/03\/615412502_1177955831214648_3376044042567090335_n-768x768.jpg 768w, https:\/\/www.feuerwehr-erwitte.de\/wp-content\/uploads\/2026\/03\/615412502_1177955831214648_3376044042567090335_n-1536x1536.jpg 1536w, https:\/\/www.feuerwehr-erwitte.de\/wp-content\/uploads\/2026\/03\/615412502_1177955831214648_3376044042567090335_n-600x600.jpg 600w\" sizes=\"(max-width: 2048px) 100vw, 2048px\" \/><\/figure>\n\n\n\n<figure class=\"wp-block-image size-full\"><img loading=\"lazy\" decoding=\"async\" width=\"2048\" height=\"2048\" data-id=\"6175\" src=\"https:\/\/www.feuerwehr-erwitte.de\/wp-content\/uploads\/2026\/03\/615318313_1177955791214652_3907720575501452493_n.jpg\" alt=\"\" class=\"wp-image-6175\" srcset=\"https:\/\/www.feuerwehr-erwitte.de\/wp-content\/uploads\/2026\/03\/615318313_1177955791214652_3907720575501452493_n.jpg 2048w, https:\/\/www.feuerwehr-erwitte.de\/wp-content\/uploads\/2026\/03\/615318313_1177955791214652_3907720575501452493_n-150x150.jpg 150w, https:\/\/www.feuerwehr-erwitte.de\/wp-content\/uploads\/2026\/03\/615318313_1177955791214652_3907720575501452493_n-300x300.jpg 300w, https:\/\/www.feuerwehr-erwitte.de\/wp-content\/uploads\/2026\/03\/615318313_1177955791214652_3907720575501452493_n-100x100.jpg 100w, https:\/\/www.feuerwehr-erwitte.de\/wp-content\/uploads\/2026\/03\/615318313_1177955791214652_3907720575501452493_n-768x768.jpg 768w, https:\/\/www.feuerwehr-erwitte.de\/wp-content\/uploads\/2026\/03\/615318313_1177955791214652_3907720575501452493_n-1536x1536.jpg 1536w, https:\/\/www.feuerwehr-erwitte.de\/wp-content\/uploads\/2026\/03\/615318313_1177955791214652_3907720575501452493_n-600x600.jpg 600w\" sizes=\"(max-width: 2048px) 100vw, 2048px\" \/><\/figure>\n<\/figure>\n","protected":false},"excerpt":{"rendered":"<p>Am vergangenen Samstag den 10.01.2026 fand im Horner Treff die diesj\u00e4hrige Generalversammlung des L\u00f6schzuges Horn &#8211; Millinghausen statt. Ein gelungener Abend mit tollen Auszeichnungen und wichtigen Entscheidungen. Mit nachfolgenden Punkten hat sich der L\u00f6schzug Horn &#8211; Millinghausen befasst: * R\u00fcckblick auf das vergangene Jahr mit einem ausf\u00fchrlichen Protokoll von unserem Schriftf\u00fchrer Ralf Johanterwage * Kassenbericht [&hellip;]<\/p>\n","protected":false},"author":8,"featured_media":0,"comment_status":"closed","ping_status":"closed","sticky":false,"template":"","format":"standard","meta":{"ocean_post_layout":"","ocean_both_sidebars_style":"","ocean_both_sidebars_content_width":0,"ocean_both_sidebars_sidebars_width":0,"ocean_sidebar":"","ocean_second_sidebar":"","ocean_disable_margins":"enable","ocean_add_body_class":"","ocean_shortcode_before_top_bar":"","ocean_shortcode_after_top_bar":"","ocean_shortcode_before_header":"","ocean_shortcode_after_header":"","ocean_has_shortcode":"","ocean_shortcode_after_title":"","ocean_shortcode_before_footer_widgets":"","ocean_shortcode_after_footer_widgets":"","ocean_shortcode_before_footer_bottom":"","ocean_shortcode_after_footer_bottom":"","ocean_display_top_bar":"default","ocean_display_header":"default","ocean_header_style":"","ocean_center_header_left_menu":"","ocean_custom_header_template":"","ocean_custom_logo":0,"ocean_custom_retina_logo":0,"ocean_custom_logo_max_width":0,"ocean_custom_logo_tablet_max_width":0,"ocean_custom_logo_mobile_max_width":0,"ocean_custom_logo_max_height":0,"ocean_custom_logo_tablet_max_height":0,"ocean_custom_logo_mobile_max_height":0,"ocean_header_custom_menu":"","ocean_menu_typo_font_family":"","ocean_menu_typo_font_subset":"","ocean_menu_typo_font_size":0,"ocean_menu_typo_font_size_tablet":0,"ocean_menu_typo_font_size_mobile":0,"ocean_menu_typo_font_size_unit":"px","ocean_menu_typo_font_weight":"","ocean_menu_typo_font_weight_tablet":"","ocean_menu_typo_font_weight_mobile":"","ocean_menu_typo_transform":"","ocean_menu_typo_transform_tablet":"","ocean_menu_typo_transform_mobile":"","ocean_menu_typo_line_height":0,"ocean_menu_typo_line_height_tablet":0,"ocean_menu_typo_line_height_mobile":0,"ocean_menu_typo_line_height_unit":"","ocean_menu_typo_spacing":0,"ocean_menu_typo_spacing_tablet":0,"ocean_menu_typo_spacing_mobile":0,"ocean_menu_typo_spacing_unit":"","ocean_menu_link_color":"","ocean_menu_link_color_hover":"","ocean_menu_link_color_active":"","ocean_menu_link_background":"","ocean_menu_link_hover_background":"","ocean_menu_link_active_background":"","ocean_menu_social_links_bg":"","ocean_menu_social_hover_links_bg":"","ocean_menu_social_links_color":"","ocean_menu_social_hover_links_color":"","ocean_disable_title":"default","ocean_disable_heading":"default","ocean_post_title":"","ocean_post_subheading":"","ocean_post_title_style":"","ocean_post_title_background_color":"","ocean_post_title_background":0,"ocean_post_title_bg_image_position":"","ocean_post_title_bg_image_attachment":"","ocean_post_title_bg_image_repeat":"","ocean_post_title_bg_image_size":"","ocean_post_title_height":0,"ocean_post_title_bg_overlay":0.5,"ocean_post_title_bg_overlay_color":"","ocean_disable_breadcrumbs":"default","ocean_breadcrumbs_color":"","ocean_breadcrumbs_separator_color":"","ocean_breadcrumbs_links_color":"","ocean_breadcrumbs_links_hover_color":"","ocean_display_footer_widgets":"default","ocean_display_footer_bottom":"default","ocean_custom_footer_template":"","ocean_post_oembed":"","ocean_post_self_hosted_media":"","ocean_post_video_embed":"","ocean_link_format":"","ocean_link_format_target":"self","ocean_quote_format":"","ocean_quote_format_link":"post","ocean_gallery_link_images":"on","ocean_gallery_id":[],"footnotes":""},"categories":[21,11,1],"tags":[],"class_list":["post-6173","post","type-post","status-publish","format-standard","hentry","category-kein-einsatzbeitrag","category-loeschgruppe-horn-millinghausen","category-uncategorized","entry"],"_links":{"self":[{"href":"https:\/\/www.feuerwehr-erwitte.de\/index.php\/wp-json\/wp\/v2\/posts\/6173","targetHints":{"allow":["GET"]}}],"collection":[{"href":"https:\/\/www.feuerwehr-erwitte.de\/index.php\/wp-json\/wp\/v2\/posts"}],"about":[{"href":"https:\/\/www.feuerwehr-erwitte.de\/index.php\/wp-json\/wp\/v2\/types\/post"}],"author":[{"embeddable":true,"href":"https:\/\/www.feuerwehr-erwitte.de\/index.php\/wp-json\/wp\/v2\/users\/8"}],"replies":[{"embeddable":true,"href":"https:\/\/www.feuerwehr-erwitte.de\/index.php\/wp-json\/wp\/v2\/comments?post=6173"}],"version-history":[{"count":1,"href":"https:\/\/www.feuerwehr-erwitte.de\/index.php\/wp-json\/wp\/v2\/posts\/6173\/revisions"}],"predecessor-version":[{"id":6177,"href":"https:\/\/www.feuerwehr-erwitte.de\/index.php\/wp-json\/wp\/v2\/posts\/6173\/revisions\/6177"}],"wp:attachment":[{"href":"https:\/\/www.feuerwehr-erwitte.de\/index.php\/wp-json\/wp\/v2\/media?parent=6173"}],"wp:term":[{"taxonomy":"category","embeddable":true,"href":"https:\/\/www.feuerwehr-erwitte.de\/index.php\/wp-json\/wp\/v2\/categories?post=6173"},{"taxonomy":"post_tag","embeddable":true,"href":"https:\/\/www.feuerwehr-erwitte.de\/index.php\/wp-json\/wp\/v2\/tags?post=6173"}],"curies":[{"name":"wp","href":"https:\/\/api.w.org\/{rel}","templated":true}]}}