{"id":6538,"date":"2026-05-01T11:39:44","date_gmt":"2026-05-01T10:39:44","guid":{"rendered":"https:\/\/www.feuerwehr-erwitte.de\/?p=6538"},"modified":"2026-08-21T09:35:18","modified_gmt":"2026-08-21T08:35:18","slug":"neues-mtf-fuer-die-feuerwehr-erwitte","status":"publish","type":"post","link":"https:\/\/www.feuerwehr-erwitte.de\/index.php\/2026\/05\/01\/neues-mtf-fuer-die-feuerwehr-erwitte\/","title":{"rendered":"Neues MTF f\u00fcr die Feuerwehr Erwitte"},"content":{"rendered":"\n<p>Die Feuerwehr Erwitte kann sich \u00fcber ein neues Mannschaftstransportfahrzeug (MTF) freuen. Das Fahrzeug wurde gestern in Brakel bei der Firma Seibert abgeholt und stellt eine wichtige Erg\u00e4nzung f\u00fcr den Fuhrpark dar.<\/p>\n\n\n\n<p>Stationiert wird das MTF im 2. Verband in der Einheit LG B\u00f6ckum-Norddorf, wo es k\u00fcnftig den Transport von Einsatzkr\u00e4ften und Material unterst\u00fctzt und die Einsatzbereitschaft vor Ort weiter st\u00e4rkt. Ob bei Eins\u00e4tzen, \u00dcbungen oder in der Ausbildung \u2013 das Fahrzeug wird vielseitig eingesetzt werden.<\/p>\n\n\n\n<p>In den kommenden Tagen erh\u00e4lt das Fahrzeug noch die finale Beklebung und wird anschlie\u00dfend offiziell in Dienst gestellt.<\/p>\n\n\n\n<p>Ein besonderer Dank gilt der Firma Seibert f\u00fcr die sehr gute und reibungslose Zusammenarbeit w\u00e4hrend des gesamten Beschaffungsprozesses. Hervorzuheben ist dabei die kurze Umsetzungszeit: Zwischen Auftragserteilung und Abholung lagen lediglich acht Wochen.<\/p>\n\n\n\n<figure class=\"wp-block-image size-full\"><img fetchpriority=\"high\" decoding=\"async\" width=\"526\" height=\"526\" src=\"https:\/\/www.feuerwehr-erwitte.de\/wp-content\/uploads\/2026\/08\/684164751_1266377925705771_1620895762402331132_n.jpg\" alt=\"\" class=\"wp-image-6539\" srcset=\"https:\/\/www.feuerwehr-erwitte.de\/wp-content\/uploads\/2026\/08\/684164751_1266377925705771_1620895762402331132_n.jpg 526w, https:\/\/www.feuerwehr-erwitte.de\/wp-content\/uploads\/2026\/08\/684164751_1266377925705771_1620895762402331132_n-150x150.jpg 150w, https:\/\/www.feuerwehr-erwitte.de\/wp-content\/uploads\/2026\/08\/684164751_1266377925705771_1620895762402331132_n-300x300.jpg 300w, https:\/\/www.feuerwehr-erwitte.de\/wp-content\/uploads\/2026\/08\/684164751_1266377925705771_1620895762402331132_n-100x100.jpg 100w\" sizes=\"(max-width: 526px) 100vw, 526px\" \/><\/figure>\n","protected":false},"excerpt":{"rendered":"<p>Die Feuerwehr Erwitte kann sich \u00fcber ein neues Mannschaftstransportfahrzeug (MTF) freuen. Das Fahrzeug wurde gestern in Brakel bei der Firma Seibert abgeholt und stellt eine wichtige Erg\u00e4nzung f\u00fcr den Fuhrpark dar. Stationiert wird das MTF im 2. Verband in der Einheit LG B\u00f6ckum-Norddorf, wo es k\u00fcnftig den Transport von Einsatzkr\u00e4ften und Material unterst\u00fctzt und die [&hellip;]<\/p>\n","protected":false},"author":8,"featured_media":0,"comment_status":"closed","ping_status":"closed","sticky":false,"template":"","format":"standard","meta":{"ocean_front_end_style_editor":"no","ocean_post_layout":"","ocean_both_sidebars_style":"","ocean_both_sidebars_content_width":0,"ocean_both_sidebars_sidebars_width":0,"ocean_sidebar":"","ocean_second_sidebar":"","ocean_disable_margins":"enable","ocean_add_body_class":"","ocean_shortcode_before_top_bar":"","ocean_shortcode_after_top_bar":"","ocean_shortcode_before_header":"","ocean_shortcode_after_header":"","ocean_has_shortcode":"","ocean_shortcode_after_title":"","ocean_shortcode_before_footer_widgets":"","ocean_shortcode_after_footer_widgets":"","ocean_shortcode_before_footer_bottom":"","ocean_shortcode_after_footer_bottom":"","ocean_display_top_bar":"default","ocean_display_header":"default","ocean_header_style":"","ocean_center_header_left_menu":"","ocean_custom_header_template":"","ocean_custom_logo":0,"ocean_custom_retina_logo":0,"ocean_custom_logo_max_width":0,"ocean_custom_logo_tablet_max_width":0,"ocean_custom_logo_mobile_max_width":0,"ocean_custom_logo_max_height":0,"ocean_custom_logo_tablet_max_height":0,"ocean_custom_logo_mobile_max_height":0,"ocean_header_custom_menu":"","ocean_menu_typo_font_family":"","ocean_menu_typo_font_subset":"","ocean_menu_typo_font_size":0,"ocean_menu_typo_font_size_tablet":0,"ocean_menu_typo_font_size_mobile":0,"ocean_menu_typo_font_size_unit":"px","ocean_menu_typo_font_weight":"","ocean_menu_typo_font_weight_tablet":"","ocean_menu_typo_font_weight_mobile":"","ocean_menu_typo_transform":"","ocean_menu_typo_transform_tablet":"","ocean_menu_typo_transform_mobile":"","ocean_menu_typo_line_height":0,"ocean_menu_typo_line_height_tablet":0,"ocean_menu_typo_line_height_mobile":0,"ocean_menu_typo_line_height_unit":"","ocean_menu_typo_spacing":0,"ocean_menu_typo_spacing_tablet":0,"ocean_menu_typo_spacing_mobile":0,"ocean_menu_typo_spacing_unit":"","ocean_menu_link_color":"","ocean_menu_link_color_hover":"","ocean_menu_link_color_active":"","ocean_menu_link_background":"","ocean_menu_link_hover_background":"","ocean_menu_link_active_background":"","ocean_menu_social_links_bg":"","ocean_menu_social_hover_links_bg":"","ocean_menu_social_links_color":"","ocean_menu_social_hover_links_color":"","ocean_disable_title":"default","ocean_disable_heading":"default","ocean_post_title":"","ocean_post_subheading":"","ocean_post_title_style":"","ocean_post_title_background_color":"","ocean_post_title_background":0,"ocean_post_title_bg_image_position":"","ocean_post_title_bg_image_attachment":"","ocean_post_title_bg_image_repeat":"","ocean_post_title_bg_image_size":"","ocean_post_title_height":0,"ocean_post_title_bg_overlay":0.5,"ocean_post_title_bg_overlay_color":"","ocean_disable_breadcrumbs":"default","ocean_breadcrumbs_color":"","ocean_breadcrumbs_separator_color":"","ocean_breadcrumbs_links_color":"","ocean_breadcrumbs_links_hover_color":"","ocean_display_footer_widgets":"default","ocean_display_footer_bottom":"default","ocean_custom_footer_template":"","ocean_post_oembed":"","ocean_post_self_hosted_media":"","ocean_post_video_embed":"","ocean_link_format":"","ocean_link_format_target":"self","ocean_quote_format":"","ocean_quote_format_link":"post","ocean_gallery_link_images":"on","ocean_gallery_id":[],"footnotes":""},"categories":[21,13],"tags":[],"class_list":["post-6538","post","type-post","status-publish","format-standard","hentry","category-kein-einsatzbeitrag","category-loeschgruppe-boeckum-norddorf","entry"],"_links":{"self":[{"href":"https:\/\/www.feuerwehr-erwitte.de\/index.php\/wp-json\/wp\/v2\/posts\/6538","targetHints":{"allow":["GET"]}}],"collection":[{"href":"https:\/\/www.feuerwehr-erwitte.de\/index.php\/wp-json\/wp\/v2\/posts"}],"about":[{"href":"https:\/\/www.feuerwehr-erwitte.de\/index.php\/wp-json\/wp\/v2\/types\/post"}],"author":[{"embeddable":true,"href":"https:\/\/www.feuerwehr-erwitte.de\/index.php\/wp-json\/wp\/v2\/users\/8"}],"replies":[{"embeddable":true,"href":"https:\/\/www.feuerwehr-erwitte.de\/index.php\/wp-json\/wp\/v2\/comments?post=6538"}],"version-history":[{"count":1,"href":"https:\/\/www.feuerwehr-erwitte.de\/index.php\/wp-json\/wp\/v2\/posts\/6538\/revisions"}],"predecessor-version":[{"id":6540,"href":"https:\/\/www.feuerwehr-erwitte.de\/index.php\/wp-json\/wp\/v2\/posts\/6538\/revisions\/6540"}],"wp:attachment":[{"href":"https:\/\/www.feuerwehr-erwitte.de\/index.php\/wp-json\/wp\/v2\/media?parent=6538"}],"wp:term":[{"taxonomy":"category","embeddable":true,"href":"https:\/\/www.feuerwehr-erwitte.de\/index.php\/wp-json\/wp\/v2\/categories?post=6538"},{"taxonomy":"post_tag","embeddable":true,"href":"https:\/\/www.feuerwehr-erwitte.de\/index.php\/wp-json\/wp\/v2\/tags?post=6538"}],"curies":[{"name":"wp","href":"https:\/\/api.w.org\/{rel}","templated":true}]}}