{"id":6612,"date":"2025-07-13T16:20:19","date_gmt":"2025-07-13T15:20:19","guid":{"rendered":"https:\/\/www.feuerwehr-erwitte.de\/?p=6612"},"modified":"2026-08-21T10:21:54","modified_gmt":"2026-08-21T09:21:54","slug":"abschluss-des-atemschutzgeraetetraegerlehrgangs","status":"publish","type":"post","link":"https:\/\/www.feuerwehr-erwitte.de\/index.php\/2025\/07\/13\/abschluss-des-atemschutzgeraetetraegerlehrgangs\/","title":{"rendered":"Abschluss des Atemschutzger\u00e4tetr\u00e4gerlehrgangs"},"content":{"rendered":"\n<p>m 11.07.2025 haben 11 engagierte Feuerwehrkamerad:innen ihre Abschluss\u00fcbung im Rahmen des Atemschutzger\u00e4tetr\u00e4ger-Lehrgangs (AGT) erfolgreich absolviert. Damit haben sie nicht nur ihr Wissen und K\u00f6nnen unter Beweis gestellt, sondern auch gezeigt, dass sie bereit sind, in den gef\u00e4hrlichsten Situationen Verantwortung zu \u00fcbernehmen.<\/p>\n\n\n\n<p>35 Ausbildungsstunden, verteilt auf rund 5 Wochen, lagen hinter ihnen \u2013 gef\u00fcllt mit Theorie, Praxis, Schwei\u00df und gegenseitiger Unterst\u00fctzung. Vom richtigen Umgang mit dem Atemschutzger\u00e4t \u00fcber Einsatzgrunds\u00e4tze bis hin zur Belastungs\u00fcbung war alles dabei.<\/p>\n\n\n\n<p>Jetzt ist es offiziell:<\/p>\n\n\n\n<p>Alle 11 d\u00fcrfen ab sofort mit Stolz das \u201eA\u201c auf dem Helm tragen!<\/p>\n\n\n\n<p>Ein kleines Zeichen \u2013 aber mit gro\u00dfer Bedeutung. Es steht f\u00fcr Vertrauen, Durchhalteverm\u00f6gen und den Willen, f\u00fcr andere durchs Feuer zu gehen.<\/p>\n\n\n\n<p>Herzlichen Gl\u00fcckwunsch an alle Teilnehmer:innen! <img decoding=\"async\" height=\"16\" width=\"16\" alt=\"\ud83d\udc69\u200d\ud83d\ude92\" src=\"https:\/\/static.xx.fbcdn.net\/images\/emoji.php\/v9\/td3\/1\/16\/1f469_200d_1f692.png\"><img decoding=\"async\" height=\"16\" width=\"16\" alt=\"\ud83d\udc68\u200d\ud83d\ude92\" src=\"https:\/\/static.xx.fbcdn.net\/images\/emoji.php\/v9\/tf4\/1\/16\/1f468_200d_1f692.png\"><\/p>\n\n\n\n<figure class=\"wp-block-gallery has-nested-images columns-default is-cropped wp-block-gallery-1 is-layout-flex wp-block-gallery-is-layout-flex\">\n<figure class=\"wp-block-image size-full\"><img fetchpriority=\"high\" decoding=\"async\" width=\"590\" height=\"590\" data-id=\"6615\" src=\"https:\/\/www.feuerwehr-erwitte.de\/wp-content\/uploads\/2026\/08\/517146676_1032971495713083_6534853522193994997_n.jpg\" alt=\"\" class=\"wp-image-6615\" srcset=\"https:\/\/www.feuerwehr-erwitte.de\/wp-content\/uploads\/2026\/08\/517146676_1032971495713083_6534853522193994997_n.jpg 590w, https:\/\/www.feuerwehr-erwitte.de\/wp-content\/uploads\/2026\/08\/517146676_1032971495713083_6534853522193994997_n-150x150.jpg 150w, https:\/\/www.feuerwehr-erwitte.de\/wp-content\/uploads\/2026\/08\/517146676_1032971495713083_6534853522193994997_n-300x300.jpg 300w, https:\/\/www.feuerwehr-erwitte.de\/wp-content\/uploads\/2026\/08\/517146676_1032971495713083_6534853522193994997_n-100x100.jpg 100w\" sizes=\"(max-width: 590px) 100vw, 590px\" \/><\/figure>\n\n\n\n<figure class=\"wp-block-image size-full\"><img loading=\"lazy\" decoding=\"async\" width=\"590\" height=\"590\" data-id=\"6613\" src=\"https:\/\/www.feuerwehr-erwitte.de\/wp-content\/uploads\/2026\/08\/518285697_1032971485713084_6149943651150911680_n.jpg\" alt=\"\" class=\"wp-image-6613\" srcset=\"https:\/\/www.feuerwehr-erwitte.de\/wp-content\/uploads\/2026\/08\/518285697_1032971485713084_6149943651150911680_n.jpg 590w, https:\/\/www.feuerwehr-erwitte.de\/wp-content\/uploads\/2026\/08\/518285697_1032971485713084_6149943651150911680_n-150x150.jpg 150w, https:\/\/www.feuerwehr-erwitte.de\/wp-content\/uploads\/2026\/08\/518285697_1032971485713084_6149943651150911680_n-300x300.jpg 300w, https:\/\/www.feuerwehr-erwitte.de\/wp-content\/uploads\/2026\/08\/518285697_1032971485713084_6149943651150911680_n-100x100.jpg 100w\" sizes=\"(max-width: 590px) 100vw, 590px\" \/><\/figure>\n\n\n\n<figure class=\"wp-block-image size-full\"><img loading=\"lazy\" decoding=\"async\" width=\"590\" height=\"590\" data-id=\"6614\" src=\"https:\/\/www.feuerwehr-erwitte.de\/wp-content\/uploads\/2026\/08\/519699778_1032971525713080_2306740728183073581_n.jpg\" alt=\"\" class=\"wp-image-6614\" srcset=\"https:\/\/www.feuerwehr-erwitte.de\/wp-content\/uploads\/2026\/08\/519699778_1032971525713080_2306740728183073581_n.jpg 590w, https:\/\/www.feuerwehr-erwitte.de\/wp-content\/uploads\/2026\/08\/519699778_1032971525713080_2306740728183073581_n-150x150.jpg 150w, https:\/\/www.feuerwehr-erwitte.de\/wp-content\/uploads\/2026\/08\/519699778_1032971525713080_2306740728183073581_n-300x300.jpg 300w, https:\/\/www.feuerwehr-erwitte.de\/wp-content\/uploads\/2026\/08\/519699778_1032971525713080_2306740728183073581_n-100x100.jpg 100w\" sizes=\"(max-width: 590px) 100vw, 590px\" \/><\/figure>\n<\/figure>\n","protected":false},"excerpt":{"rendered":"<p>m 11.07.2025 haben 11 engagierte Feuerwehrkamerad:innen ihre Abschluss\u00fcbung im Rahmen des Atemschutzger\u00e4tetr\u00e4ger-Lehrgangs (AGT) erfolgreich absolviert. Damit haben sie nicht nur ihr Wissen und K\u00f6nnen unter Beweis gestellt, sondern auch gezeigt, dass sie bereit sind, in den gef\u00e4hrlichsten Situationen Verantwortung zu \u00fcbernehmen. 35 Ausbildungsstunden, verteilt auf rund 5 Wochen, lagen hinter ihnen \u2013 gef\u00fcllt mit Theorie, [&hellip;]<\/p>\n","protected":false},"author":8,"featured_media":0,"comment_status":"closed","ping_status":"closed","sticky":false,"template":"","format":"standard","meta":{"ocean_front_end_style_editor":"no","ocean_post_layout":"","ocean_both_sidebars_style":"","ocean_both_sidebars_content_width":0,"ocean_both_sidebars_sidebars_width":0,"ocean_sidebar":"","ocean_second_sidebar":"","ocean_disable_margins":"enable","ocean_add_body_class":"","ocean_shortcode_before_top_bar":"","ocean_shortcode_after_top_bar":"","ocean_shortcode_before_header":"","ocean_shortcode_after_header":"","ocean_has_shortcode":"","ocean_shortcode_after_title":"","ocean_shortcode_before_footer_widgets":"","ocean_shortcode_after_footer_widgets":"","ocean_shortcode_before_footer_bottom":"","ocean_shortcode_after_footer_bottom":"","ocean_display_top_bar":"default","ocean_display_header":"default","ocean_header_style":"","ocean_center_header_left_menu":"","ocean_custom_header_template":"","ocean_custom_logo":0,"ocean_custom_retina_logo":0,"ocean_custom_logo_max_width":0,"ocean_custom_logo_tablet_max_width":0,"ocean_custom_logo_mobile_max_width":0,"ocean_custom_logo_max_height":0,"ocean_custom_logo_tablet_max_height":0,"ocean_custom_logo_mobile_max_height":0,"ocean_header_custom_menu":"","ocean_menu_typo_font_family":"","ocean_menu_typo_font_subset":"","ocean_menu_typo_font_size":0,"ocean_menu_typo_font_size_tablet":0,"ocean_menu_typo_font_size_mobile":0,"ocean_menu_typo_font_size_unit":"px","ocean_menu_typo_font_weight":"","ocean_menu_typo_font_weight_tablet":"","ocean_menu_typo_font_weight_mobile":"","ocean_menu_typo_transform":"","ocean_menu_typo_transform_tablet":"","ocean_menu_typo_transform_mobile":"","ocean_menu_typo_line_height":0,"ocean_menu_typo_line_height_tablet":0,"ocean_menu_typo_line_height_mobile":0,"ocean_menu_typo_line_height_unit":"","ocean_menu_typo_spacing":0,"ocean_menu_typo_spacing_tablet":0,"ocean_menu_typo_spacing_mobile":0,"ocean_menu_typo_spacing_unit":"","ocean_menu_link_color":"","ocean_menu_link_color_hover":"","ocean_menu_link_color_active":"","ocean_menu_link_background":"","ocean_menu_link_hover_background":"","ocean_menu_link_active_background":"","ocean_menu_social_links_bg":"","ocean_menu_social_hover_links_bg":"","ocean_menu_social_links_color":"","ocean_menu_social_hover_links_color":"","ocean_disable_title":"default","ocean_disable_heading":"default","ocean_post_title":"","ocean_post_subheading":"","ocean_post_title_style":"","ocean_post_title_background_color":"","ocean_post_title_background":0,"ocean_post_title_bg_image_position":"","ocean_post_title_bg_image_attachment":"","ocean_post_title_bg_image_repeat":"","ocean_post_title_bg_image_size":"","ocean_post_title_height":0,"ocean_post_title_bg_overlay":0.5,"ocean_post_title_bg_overlay_color":"","ocean_disable_breadcrumbs":"default","ocean_breadcrumbs_color":"","ocean_breadcrumbs_separator_color":"","ocean_breadcrumbs_links_color":"","ocean_breadcrumbs_links_hover_color":"","ocean_display_footer_widgets":"default","ocean_display_footer_bottom":"default","ocean_custom_footer_template":"","ocean_post_oembed":"","ocean_post_self_hosted_media":"","ocean_post_video_embed":"","ocean_link_format":"","ocean_link_format_target":"self","ocean_quote_format":"","ocean_quote_format_link":"post","ocean_gallery_link_images":"on","ocean_gallery_id":[],"footnotes":""},"categories":[21],"tags":[],"class_list":["post-6612","post","type-post","status-publish","format-standard","hentry","category-kein-einsatzbeitrag","entry"],"_links":{"self":[{"href":"https:\/\/www.feuerwehr-erwitte.de\/index.php\/wp-json\/wp\/v2\/posts\/6612","targetHints":{"allow":["GET"]}}],"collection":[{"href":"https:\/\/www.feuerwehr-erwitte.de\/index.php\/wp-json\/wp\/v2\/posts"}],"about":[{"href":"https:\/\/www.feuerwehr-erwitte.de\/index.php\/wp-json\/wp\/v2\/types\/post"}],"author":[{"embeddable":true,"href":"https:\/\/www.feuerwehr-erwitte.de\/index.php\/wp-json\/wp\/v2\/users\/8"}],"replies":[{"embeddable":true,"href":"https:\/\/www.feuerwehr-erwitte.de\/index.php\/wp-json\/wp\/v2\/comments?post=6612"}],"version-history":[{"count":1,"href":"https:\/\/www.feuerwehr-erwitte.de\/index.php\/wp-json\/wp\/v2\/posts\/6612\/revisions"}],"predecessor-version":[{"id":6616,"href":"https:\/\/www.feuerwehr-erwitte.de\/index.php\/wp-json\/wp\/v2\/posts\/6612\/revisions\/6616"}],"wp:attachment":[{"href":"https:\/\/www.feuerwehr-erwitte.de\/index.php\/wp-json\/wp\/v2\/media?parent=6612"}],"wp:term":[{"taxonomy":"category","embeddable":true,"href":"https:\/\/www.feuerwehr-erwitte.de\/index.php\/wp-json\/wp\/v2\/categories?post=6612"},{"taxonomy":"post_tag","embeddable":true,"href":"https:\/\/www.feuerwehr-erwitte.de\/index.php\/wp-json\/wp\/v2\/tags?post=6612"}],"curies":[{"name":"wp","href":"https:\/\/api.w.org\/{rel}","templated":true}]}}