{"id":6637,"date":"2025-09-06T12:58:23","date_gmt":"2025-09-06T11:58:23","guid":{"rendered":"https:\/\/www.feuerwehr-erwitte.de\/?p=6637"},"modified":"2026-08-21T10:37:53","modified_gmt":"2026-08-21T09:37:53","slug":"anschlaeger-von-lasten","status":"publish","type":"post","link":"https:\/\/www.feuerwehr-erwitte.de\/index.php\/2025\/09\/06\/anschlaeger-von-lasten\/","title":{"rendered":"Anschl\u00e4ger von Lasten"},"content":{"rendered":"\n<p>An drei Samstagen mit je acht Unterrichtsstunden im Juli und August haben 18 Kameraden und Kameradinnen des L\u00f6schzuges Erwitte an der Qualifizierung zum Anschl\u00e4ger von Lasten teilgenommen und das Zertifikat \u201eAnschl\u00e4ger und Einweiser\u201c erworben. Durchgef\u00fchrt wurde diese durch zwei Kameraden, die bei der Franz Bracht Kran-Vermietung in Erwitte besch\u00e4ftigt sind. Grund f\u00fcr diese Schulung ist das im letzten Jahr gelieferte Wechselladerfahrzeug mit Kran, welches eine gesonderte Ausbildung ben\u00f6tigt. Es wurde sowohl theoretisches als auch praktisches Wissen durch die beiden Dozenten vermittelt. Zum Beispiel welche Anschlagmittel es gibt und wie sie richtig und sicher eingesetzt werden. Dies wurde durch praktische \u00dcbungen weiter vertieft.<\/p>\n\n\n\n<p>Wir bedanken uns ganz herzlich bei der Fa. Franz Bracht, die uns diese Qualifizierung erm\u00f6glicht hat<img decoding=\"async\" height=\"16\" width=\"16\" alt=\"\ud83d\ude4f\" src=\"https:\/\/static.xx.fbcdn.net\/images\/emoji.php\/v9\/t80\/1\/16\/1f64f.png\"><\/p>\n\n\n\n<figure class=\"wp-block-gallery has-nested-images columns-default is-cropped wp-block-gallery-1 is-layout-flex wp-block-gallery-is-layout-flex\">\n<figure class=\"wp-block-image size-full\"><img fetchpriority=\"high\" decoding=\"async\" width=\"590\" height=\"590\" data-id=\"6638\" src=\"https:\/\/www.feuerwehr-erwitte.de\/wp-content\/uploads\/2026\/08\/544842027_1075771201433112_5167679261298401480_n.jpg\" alt=\"\" class=\"wp-image-6638\" srcset=\"https:\/\/www.feuerwehr-erwitte.de\/wp-content\/uploads\/2026\/08\/544842027_1075771201433112_5167679261298401480_n.jpg 590w, https:\/\/www.feuerwehr-erwitte.de\/wp-content\/uploads\/2026\/08\/544842027_1075771201433112_5167679261298401480_n-150x150.jpg 150w, https:\/\/www.feuerwehr-erwitte.de\/wp-content\/uploads\/2026\/08\/544842027_1075771201433112_5167679261298401480_n-300x300.jpg 300w, https:\/\/www.feuerwehr-erwitte.de\/wp-content\/uploads\/2026\/08\/544842027_1075771201433112_5167679261298401480_n-100x100.jpg 100w\" sizes=\"(max-width: 590px) 100vw, 590px\" \/><\/figure>\n\n\n\n<figure class=\"wp-block-image size-full\"><img decoding=\"async\" width=\"590\" height=\"590\" data-id=\"6640\" src=\"https:\/\/www.feuerwehr-erwitte.de\/wp-content\/uploads\/2026\/08\/543177779_1075771248099774_7611582020444080497_n.jpg\" alt=\"\" class=\"wp-image-6640\" srcset=\"https:\/\/www.feuerwehr-erwitte.de\/wp-content\/uploads\/2026\/08\/543177779_1075771248099774_7611582020444080497_n.jpg 590w, https:\/\/www.feuerwehr-erwitte.de\/wp-content\/uploads\/2026\/08\/543177779_1075771248099774_7611582020444080497_n-150x150.jpg 150w, https:\/\/www.feuerwehr-erwitte.de\/wp-content\/uploads\/2026\/08\/543177779_1075771248099774_7611582020444080497_n-300x300.jpg 300w, https:\/\/www.feuerwehr-erwitte.de\/wp-content\/uploads\/2026\/08\/543177779_1075771248099774_7611582020444080497_n-100x100.jpg 100w\" sizes=\"(max-width: 590px) 100vw, 590px\" \/><\/figure>\n\n\n\n<figure class=\"wp-block-image size-full\"><img loading=\"lazy\" decoding=\"async\" width=\"590\" height=\"590\" data-id=\"6639\" src=\"https:\/\/www.feuerwehr-erwitte.de\/wp-content\/uploads\/2026\/08\/543122591_1075771198099779_4163095157279223640_n.jpg\" alt=\"\" class=\"wp-image-6639\" srcset=\"https:\/\/www.feuerwehr-erwitte.de\/wp-content\/uploads\/2026\/08\/543122591_1075771198099779_4163095157279223640_n.jpg 590w, https:\/\/www.feuerwehr-erwitte.de\/wp-content\/uploads\/2026\/08\/543122591_1075771198099779_4163095157279223640_n-150x150.jpg 150w, https:\/\/www.feuerwehr-erwitte.de\/wp-content\/uploads\/2026\/08\/543122591_1075771198099779_4163095157279223640_n-300x300.jpg 300w, https:\/\/www.feuerwehr-erwitte.de\/wp-content\/uploads\/2026\/08\/543122591_1075771198099779_4163095157279223640_n-100x100.jpg 100w\" sizes=\"(max-width: 590px) 100vw, 590px\" \/><\/figure>\n<\/figure>\n","protected":false},"excerpt":{"rendered":"<p>An drei Samstagen mit je acht Unterrichtsstunden im Juli und August haben 18 Kameraden und Kameradinnen des L\u00f6schzuges Erwitte an der Qualifizierung zum Anschl\u00e4ger von Lasten teilgenommen und das Zertifikat \u201eAnschl\u00e4ger und Einweiser\u201c erworben. Durchgef\u00fchrt wurde diese durch zwei Kameraden, die bei der Franz Bracht Kran-Vermietung in Erwitte besch\u00e4ftigt sind. Grund f\u00fcr diese Schulung ist [&hellip;]<\/p>\n","protected":false},"author":8,"featured_media":0,"comment_status":"closed","ping_status":"closed","sticky":false,"template":"","format":"standard","meta":{"ocean_front_end_style_editor":"no","ocean_post_layout":"","ocean_both_sidebars_style":"","ocean_both_sidebars_content_width":0,"ocean_both_sidebars_sidebars_width":0,"ocean_sidebar":"","ocean_second_sidebar":"","ocean_disable_margins":"enable","ocean_add_body_class":"","ocean_shortcode_before_top_bar":"","ocean_shortcode_after_top_bar":"","ocean_shortcode_before_header":"","ocean_shortcode_after_header":"","ocean_has_shortcode":"","ocean_shortcode_after_title":"","ocean_shortcode_before_footer_widgets":"","ocean_shortcode_after_footer_widgets":"","ocean_shortcode_before_footer_bottom":"","ocean_shortcode_after_footer_bottom":"","ocean_display_top_bar":"default","ocean_display_header":"default","ocean_header_style":"","ocean_center_header_left_menu":"","ocean_custom_header_template":"","ocean_custom_logo":0,"ocean_custom_retina_logo":0,"ocean_custom_logo_max_width":0,"ocean_custom_logo_tablet_max_width":0,"ocean_custom_logo_mobile_max_width":0,"ocean_custom_logo_max_height":0,"ocean_custom_logo_tablet_max_height":0,"ocean_custom_logo_mobile_max_height":0,"ocean_header_custom_menu":"","ocean_menu_typo_font_family":"","ocean_menu_typo_font_subset":"","ocean_menu_typo_font_size":0,"ocean_menu_typo_font_size_tablet":0,"ocean_menu_typo_font_size_mobile":0,"ocean_menu_typo_font_size_unit":"px","ocean_menu_typo_font_weight":"","ocean_menu_typo_font_weight_tablet":"","ocean_menu_typo_font_weight_mobile":"","ocean_menu_typo_transform":"","ocean_menu_typo_transform_tablet":"","ocean_menu_typo_transform_mobile":"","ocean_menu_typo_line_height":0,"ocean_menu_typo_line_height_tablet":0,"ocean_menu_typo_line_height_mobile":0,"ocean_menu_typo_line_height_unit":"","ocean_menu_typo_spacing":0,"ocean_menu_typo_spacing_tablet":0,"ocean_menu_typo_spacing_mobile":0,"ocean_menu_typo_spacing_unit":"","ocean_menu_link_color":"","ocean_menu_link_color_hover":"","ocean_menu_link_color_active":"","ocean_menu_link_background":"","ocean_menu_link_hover_background":"","ocean_menu_link_active_background":"","ocean_menu_social_links_bg":"","ocean_menu_social_hover_links_bg":"","ocean_menu_social_links_color":"","ocean_menu_social_hover_links_color":"","ocean_disable_title":"default","ocean_disable_heading":"default","ocean_post_title":"","ocean_post_subheading":"","ocean_post_title_style":"","ocean_post_title_background_color":"","ocean_post_title_background":0,"ocean_post_title_bg_image_position":"","ocean_post_title_bg_image_attachment":"","ocean_post_title_bg_image_repeat":"","ocean_post_title_bg_image_size":"","ocean_post_title_height":0,"ocean_post_title_bg_overlay":0.5,"ocean_post_title_bg_overlay_color":"","ocean_disable_breadcrumbs":"default","ocean_breadcrumbs_color":"","ocean_breadcrumbs_separator_color":"","ocean_breadcrumbs_links_color":"","ocean_breadcrumbs_links_hover_color":"","ocean_display_footer_widgets":"default","ocean_display_footer_bottom":"default","ocean_custom_footer_template":"","ocean_post_oembed":"","ocean_post_self_hosted_media":"","ocean_post_video_embed":"","ocean_link_format":"","ocean_link_format_target":"self","ocean_quote_format":"","ocean_quote_format_link":"post","ocean_gallery_link_images":"on","ocean_gallery_id":[],"footnotes":""},"categories":[21,8],"tags":[],"class_list":["post-6637","post","type-post","status-publish","format-standard","hentry","category-kein-einsatzbeitrag","category-loeschzug-erwitte","entry"],"_links":{"self":[{"href":"https:\/\/www.feuerwehr-erwitte.de\/index.php\/wp-json\/wp\/v2\/posts\/6637","targetHints":{"allow":["GET"]}}],"collection":[{"href":"https:\/\/www.feuerwehr-erwitte.de\/index.php\/wp-json\/wp\/v2\/posts"}],"about":[{"href":"https:\/\/www.feuerwehr-erwitte.de\/index.php\/wp-json\/wp\/v2\/types\/post"}],"author":[{"embeddable":true,"href":"https:\/\/www.feuerwehr-erwitte.de\/index.php\/wp-json\/wp\/v2\/users\/8"}],"replies":[{"embeddable":true,"href":"https:\/\/www.feuerwehr-erwitte.de\/index.php\/wp-json\/wp\/v2\/comments?post=6637"}],"version-history":[{"count":1,"href":"https:\/\/www.feuerwehr-erwitte.de\/index.php\/wp-json\/wp\/v2\/posts\/6637\/revisions"}],"predecessor-version":[{"id":6641,"href":"https:\/\/www.feuerwehr-erwitte.de\/index.php\/wp-json\/wp\/v2\/posts\/6637\/revisions\/6641"}],"wp:attachment":[{"href":"https:\/\/www.feuerwehr-erwitte.de\/index.php\/wp-json\/wp\/v2\/media?parent=6637"}],"wp:term":[{"taxonomy":"category","embeddable":true,"href":"https:\/\/www.feuerwehr-erwitte.de\/index.php\/wp-json\/wp\/v2\/categories?post=6637"},{"taxonomy":"post_tag","embeddable":true,"href":"https:\/\/www.feuerwehr-erwitte.de\/index.php\/wp-json\/wp\/v2\/tags?post=6637"}],"curies":[{"name":"wp","href":"https:\/\/api.w.org\/{rel}","templated":true}]}}