{"id":6670,"date":"2025-12-16T18:16:56","date_gmt":"2025-12-16T17:16:56","guid":{"rendered":"https:\/\/www.feuerwehr-erwitte.de\/?p=6670"},"modified":"2026-08-21T10:51:25","modified_gmt":"2026-08-21T09:51:25","slug":"generalversammlung-2025-loeschzug-erwitte","status":"publish","type":"post","link":"https:\/\/www.feuerwehr-erwitte.de\/index.php\/2025\/12\/16\/generalversammlung-2025-loeschzug-erwitte\/","title":{"rendered":"Generalversammlung 2025 &#8211; L\u00f6schzug Erwitte"},"content":{"rendered":"\n<p>Am Nikolaustag, dem 06.12.2025, fand die diesj\u00e4hrige Generalversammlung des L\u00f6schzugs Erwitte statt. <img decoding=\"async\" height=\"16\" width=\"16\" alt=\"\ud83c\udf85\" src=\"https:\/\/static.xx.fbcdn.net\/images\/emoji.php\/v9\/t88\/1\/16\/1f385.png\"><img decoding=\"async\" height=\"16\" width=\"16\" alt=\"\ud83d\udd25\" src=\"https:\/\/static.xx.fbcdn.net\/images\/emoji.php\/v9\/t50\/1\/16\/1f525.png\"> Ein Abend voller R\u00fcckblicke, Entscheidungen und wichtiger Impulse f\u00fcr das kommende Jahr.<\/p>\n\n\n\n<p><img decoding=\"async\" height=\"16\" width=\"16\" alt=\"\ud83d\udccb\" src=\"https:\/\/static.xx.fbcdn.net\/images\/emoji.php\/v9\/t2b\/1\/16\/1f4cb.png\"> Der L\u00f6schzug Erwitte hat sich unter anderem mit folgenden Punkten besch\u00e4ftigt:<\/p>\n\n\n\n<p>\u2022 Ein w\u00fcrdiges Gedenken an die verstorbenen Kameraden<\/p>\n\n\n\n<p>\u2022 R\u00fcckblick auf das vergangene Jahr \u2013 inklusive Protokoll und Jahresbericht<\/p>\n\n\n\n<p>\u2022 Zudem wurden verdiente Kameradinnen und Kameraden ausgezeichnet und bef\u00f6rdert <img loading=\"lazy\" decoding=\"async\" height=\"16\" width=\"16\" alt=\"\ud83c\udf96\ufe0f\" src=\"https:\/\/static.xx.fbcdn.net\/images\/emoji.php\/v9\/ta8\/1\/16\/1f396.png\"><\/p>\n\n\n\n<p><img loading=\"lazy\" decoding=\"async\" height=\"16\" width=\"16\" alt=\"\ud83d\udcca\" src=\"https:\/\/static.xx.fbcdn.net\/images\/emoji.php\/v9\/taa\/1\/16\/1f4ca.png\"> Das Jahr in Zahlen &amp; Fakten:<\/p>\n\n\n\n<p>\u2022 145 Eins\u00e4tze \u2013 ein arbeitsreiches Jahr<\/p>\n\n\n\n<p>\u2022 ca. 2.500 Einsatzstunden<\/p>\n\n\n\n<p>\u2022 ca. 4.300 Stunden f\u00fcr Aus- und Weiterbildung<\/p>\n\n\n\n<p><img loading=\"lazy\" decoding=\"async\" height=\"16\" width=\"16\" alt=\"\ud83c\udf96\ufe0f\" src=\"https:\/\/static.xx.fbcdn.net\/images\/emoji.php\/v9\/ta8\/1\/16\/1f396.png\"> Ehrungen &amp; Bef\u00f6rderungen:<\/p>\n\n\n\n<p>Verliehen wurden LNW-Auszeichnungen in Bronze, Silber und Gold sowie f\u00fcr 10, 20, 25 und 30 Jahre Teilnahme.<\/p>\n\n\n\n<p>Bef\u00f6rderungen in verschiedenen Dienstgraden \u2013 Anerkennung f\u00fcr Engagement und Weiterentwicklung<\/p>\n\n\n\n<p>Wir gratulieren allen Geehrten herzlich!<\/p>\n\n\n\n<p><img loading=\"lazy\" decoding=\"async\" height=\"16\" width=\"16\" alt=\"\ud83e\udd41\" src=\"https:\/\/static.xx.fbcdn.net\/images\/emoji.php\/v9\/t8e\/1\/16\/1f941.png\">F\u00fchrungswechsel:<\/p>\n\n\n\n<p>\u2022 Nach 10 Jahren Amtszeit wurde Rainer Bergkemper als L\u00f6schzugf\u00fchrer verabschiedet<\/p>\n\n\n\n<p>\u2022 Sein Nachfolger: Benjamin Heinke<\/p>\n\n\n\n<p>\u2022 Markus Frede wurde f\u00fcr weitere 6 Jahre als stellv. L\u00f6schzugf\u00fchrer best\u00e4tigt<\/p>\n\n\n\n<p>\u2022 Neu im F\u00fchrungsteam: Lucas J\u00e4ker als stellv. L\u00f6schzugf\u00fchrer<\/p>\n\n\n\n<p><img loading=\"lazy\" decoding=\"async\" height=\"16\" width=\"16\" alt=\"\ud83e\udd1d\" src=\"https:\/\/static.xx.fbcdn.net\/images\/emoji.php\/v9\/t64\/1\/16\/1f91d.png\"> Ein besonderer Moment:<\/p>\n\n\n\n<p>Ganz \u00fcberraschend besuchten Kameraden der befreundeten Ortsfeuerwehr Th\u00fcringen (Vorarlberg, \u00d6sterreich) den L\u00f6schzug.<\/p>\n\n\n\n<p>Ein Jahr voller Herausforderungen, Ver\u00e4nderungen und starkem Zusammenhalt.<\/p>\n\n\n\n<p>Wir bedanken uns bei allen Kameradinnen und Kameraden f\u00fcr ihren unerm\u00fcdlichen Einsatz. <img loading=\"lazy\" decoding=\"async\" height=\"16\" width=\"16\" alt=\"\u2764\ufe0f\" src=\"https:\/\/static.xx.fbcdn.net\/images\/emoji.php\/v9\/t6c\/1\/16\/2764.png\"><img decoding=\"async\" height=\"16\" width=\"16\" alt=\"\ud83d\udd25\" src=\"https:\/\/static.xx.fbcdn.net\/images\/emoji.php\/v9\/t50\/1\/16\/1f525.png\"><\/p>\n\n\n\n<figure class=\"wp-block-gallery has-nested-images columns-default is-cropped wp-block-gallery-1 is-layout-flex wp-block-gallery-is-layout-flex\">\n<figure class=\"wp-block-image size-full\"><img loading=\"lazy\" decoding=\"async\" width=\"590\" height=\"590\" data-id=\"6676\" src=\"https:\/\/www.feuerwehr-erwitte.de\/wp-content\/uploads\/2026\/08\/600325286_1158399306503634_5290648513641705428_n-1.jpg\" alt=\"\" class=\"wp-image-6676\" srcset=\"https:\/\/www.feuerwehr-erwitte.de\/wp-content\/uploads\/2026\/08\/600325286_1158399306503634_5290648513641705428_n-1.jpg 590w, https:\/\/www.feuerwehr-erwitte.de\/wp-content\/uploads\/2026\/08\/600325286_1158399306503634_5290648513641705428_n-1-150x150.jpg 150w, https:\/\/www.feuerwehr-erwitte.de\/wp-content\/uploads\/2026\/08\/600325286_1158399306503634_5290648513641705428_n-1-300x300.jpg 300w, https:\/\/www.feuerwehr-erwitte.de\/wp-content\/uploads\/2026\/08\/600325286_1158399306503634_5290648513641705428_n-1-100x100.jpg 100w\" sizes=\"(max-width: 590px) 100vw, 590px\" \/><\/figure>\n\n\n\n<figure class=\"wp-block-image size-full\"><img loading=\"lazy\" decoding=\"async\" width=\"590\" height=\"590\" data-id=\"6674\" src=\"https:\/\/www.feuerwehr-erwitte.de\/wp-content\/uploads\/2026\/08\/597389441_1158399363170295_9077265484454232236_n.jpg\" alt=\"\" class=\"wp-image-6674\" srcset=\"https:\/\/www.feuerwehr-erwitte.de\/wp-content\/uploads\/2026\/08\/597389441_1158399363170295_9077265484454232236_n.jpg 590w, https:\/\/www.feuerwehr-erwitte.de\/wp-content\/uploads\/2026\/08\/597389441_1158399363170295_9077265484454232236_n-150x150.jpg 150w, https:\/\/www.feuerwehr-erwitte.de\/wp-content\/uploads\/2026\/08\/597389441_1158399363170295_9077265484454232236_n-300x300.jpg 300w, https:\/\/www.feuerwehr-erwitte.de\/wp-content\/uploads\/2026\/08\/597389441_1158399363170295_9077265484454232236_n-100x100.jpg 100w\" sizes=\"(max-width: 590px) 100vw, 590px\" \/><\/figure>\n\n\n\n<figure class=\"wp-block-image size-full\"><img loading=\"lazy\" decoding=\"async\" width=\"590\" height=\"590\" data-id=\"6675\" src=\"https:\/\/www.feuerwehr-erwitte.de\/wp-content\/uploads\/2026\/08\/597381584_1158399309836967_542711381575831288_n.jpg\" alt=\"\" class=\"wp-image-6675\" srcset=\"https:\/\/www.feuerwehr-erwitte.de\/wp-content\/uploads\/2026\/08\/597381584_1158399309836967_542711381575831288_n.jpg 590w, https:\/\/www.feuerwehr-erwitte.de\/wp-content\/uploads\/2026\/08\/597381584_1158399309836967_542711381575831288_n-150x150.jpg 150w, https:\/\/www.feuerwehr-erwitte.de\/wp-content\/uploads\/2026\/08\/597381584_1158399309836967_542711381575831288_n-300x300.jpg 300w, https:\/\/www.feuerwehr-erwitte.de\/wp-content\/uploads\/2026\/08\/597381584_1158399309836967_542711381575831288_n-100x100.jpg 100w\" sizes=\"(max-width: 590px) 100vw, 590px\" \/><\/figure>\n<\/figure>\n","protected":false},"excerpt":{"rendered":"<p>Am Nikolaustag, dem 06.12.2025, fand die diesj\u00e4hrige Generalversammlung des L\u00f6schzugs Erwitte statt. Ein Abend voller R\u00fcckblicke, Entscheidungen und wichtiger Impulse f\u00fcr das kommende Jahr. Der L\u00f6schzug Erwitte hat sich unter anderem mit folgenden Punkten besch\u00e4ftigt: \u2022 Ein w\u00fcrdiges Gedenken an die verstorbenen Kameraden \u2022 R\u00fcckblick auf das vergangene Jahr \u2013 inklusive Protokoll und Jahresbericht \u2022 [&hellip;]<\/p>\n","protected":false},"author":8,"featured_media":0,"comment_status":"closed","ping_status":"closed","sticky":false,"template":"","format":"standard","meta":{"ocean_front_end_style_editor":"no","ocean_post_layout":"","ocean_both_sidebars_style":"","ocean_both_sidebars_content_width":0,"ocean_both_sidebars_sidebars_width":0,"ocean_sidebar":"","ocean_second_sidebar":"","ocean_disable_margins":"enable","ocean_add_body_class":"","ocean_shortcode_before_top_bar":"","ocean_shortcode_after_top_bar":"","ocean_shortcode_before_header":"","ocean_shortcode_after_header":"","ocean_has_shortcode":"","ocean_shortcode_after_title":"","ocean_shortcode_before_footer_widgets":"","ocean_shortcode_after_footer_widgets":"","ocean_shortcode_before_footer_bottom":"","ocean_shortcode_after_footer_bottom":"","ocean_display_top_bar":"default","ocean_display_header":"default","ocean_header_style":"","ocean_center_header_left_menu":"","ocean_custom_header_template":"","ocean_custom_logo":0,"ocean_custom_retina_logo":0,"ocean_custom_logo_max_width":0,"ocean_custom_logo_tablet_max_width":0,"ocean_custom_logo_mobile_max_width":0,"ocean_custom_logo_max_height":0,"ocean_custom_logo_tablet_max_height":0,"ocean_custom_logo_mobile_max_height":0,"ocean_header_custom_menu":"","ocean_menu_typo_font_family":"","ocean_menu_typo_font_subset":"","ocean_menu_typo_font_size":0,"ocean_menu_typo_font_size_tablet":0,"ocean_menu_typo_font_size_mobile":0,"ocean_menu_typo_font_size_unit":"px","ocean_menu_typo_font_weight":"","ocean_menu_typo_font_weight_tablet":"","ocean_menu_typo_font_weight_mobile":"","ocean_menu_typo_transform":"","ocean_menu_typo_transform_tablet":"","ocean_menu_typo_transform_mobile":"","ocean_menu_typo_line_height":0,"ocean_menu_typo_line_height_tablet":0,"ocean_menu_typo_line_height_mobile":0,"ocean_menu_typo_line_height_unit":"","ocean_menu_typo_spacing":0,"ocean_menu_typo_spacing_tablet":0,"ocean_menu_typo_spacing_mobile":0,"ocean_menu_typo_spacing_unit":"","ocean_menu_link_color":"","ocean_menu_link_color_hover":"","ocean_menu_link_color_active":"","ocean_menu_link_background":"","ocean_menu_link_hover_background":"","ocean_menu_link_active_background":"","ocean_menu_social_links_bg":"","ocean_menu_social_hover_links_bg":"","ocean_menu_social_links_color":"","ocean_menu_social_hover_links_color":"","ocean_disable_title":"default","ocean_disable_heading":"default","ocean_post_title":"","ocean_post_subheading":"","ocean_post_title_style":"","ocean_post_title_background_color":"","ocean_post_title_background":0,"ocean_post_title_bg_image_position":"","ocean_post_title_bg_image_attachment":"","ocean_post_title_bg_image_repeat":"","ocean_post_title_bg_image_size":"","ocean_post_title_height":0,"ocean_post_title_bg_overlay":0.5,"ocean_post_title_bg_overlay_color":"","ocean_disable_breadcrumbs":"default","ocean_breadcrumbs_color":"","ocean_breadcrumbs_separator_color":"","ocean_breadcrumbs_links_color":"","ocean_breadcrumbs_links_hover_color":"","ocean_display_footer_widgets":"default","ocean_display_footer_bottom":"default","ocean_custom_footer_template":"","ocean_post_oembed":"","ocean_post_self_hosted_media":"","ocean_post_video_embed":"","ocean_link_format":"","ocean_link_format_target":"self","ocean_quote_format":"","ocean_quote_format_link":"post","ocean_gallery_link_images":"on","ocean_gallery_id":[],"footnotes":""},"categories":[21,8],"tags":[],"class_list":["post-6670","post","type-post","status-publish","format-standard","hentry","category-kein-einsatzbeitrag","category-loeschzug-erwitte","entry"],"_links":{"self":[{"href":"https:\/\/www.feuerwehr-erwitte.de\/index.php\/wp-json\/wp\/v2\/posts\/6670","targetHints":{"allow":["GET"]}}],"collection":[{"href":"https:\/\/www.feuerwehr-erwitte.de\/index.php\/wp-json\/wp\/v2\/posts"}],"about":[{"href":"https:\/\/www.feuerwehr-erwitte.de\/index.php\/wp-json\/wp\/v2\/types\/post"}],"author":[{"embeddable":true,"href":"https:\/\/www.feuerwehr-erwitte.de\/index.php\/wp-json\/wp\/v2\/users\/8"}],"replies":[{"embeddable":true,"href":"https:\/\/www.feuerwehr-erwitte.de\/index.php\/wp-json\/wp\/v2\/comments?post=6670"}],"version-history":[{"count":1,"href":"https:\/\/www.feuerwehr-erwitte.de\/index.php\/wp-json\/wp\/v2\/posts\/6670\/revisions"}],"predecessor-version":[{"id":6677,"href":"https:\/\/www.feuerwehr-erwitte.de\/index.php\/wp-json\/wp\/v2\/posts\/6670\/revisions\/6677"}],"wp:attachment":[{"href":"https:\/\/www.feuerwehr-erwitte.de\/index.php\/wp-json\/wp\/v2\/media?parent=6670"}],"wp:term":[{"taxonomy":"category","embeddable":true,"href":"https:\/\/www.feuerwehr-erwitte.de\/index.php\/wp-json\/wp\/v2\/categories?post=6670"},{"taxonomy":"post_tag","embeddable":true,"href":"https:\/\/www.feuerwehr-erwitte.de\/index.php\/wp-json\/wp\/v2\/tags?post=6670"}],"curies":[{"name":"wp","href":"https:\/\/api.w.org\/{rel}","templated":true}]}}